{"id":38373,"date":"2018-01-02T12:57:38","date_gmt":"2018-01-02T11:57:38","guid":{"rendered":"https:\/\/www.sferisterio.it\/en\/senza-categoria-en\/damiano-michieletto-per-la-prima-volta-allo-sferisterio-con-il-suo-elisir-damore-sulla-spiaggia\/"},"modified":"2018-03-26T14:58:07","modified_gmt":"2018-03-26T12:58:07","slug":"damiano-michieletto-per-la-prima-volta-allo-sferisterio-con-il-suo-elisir-damore-sulla-spiaggia","status":"publish","type":"post","link":"https:\/\/www.sferisterio.it\/en\/news-en\/damiano-michieletto-per-la-prima-volta-allo-sferisterio-con-il-suo-elisir-damore-sulla-spiaggia","title":{"rendered":"DAMIANO MICHIELETTO&#8217;S SEASIDE PRODUCTION OF ELISIR D&#8217;AMORE REACHES THE SFERISTERIO"},"content":{"rendered":"<h2>Damiano Michieletto: the production<\/h2>\n<p>For Gateano Donizetti\u2019s <strong>Elisir d\u2019Amore<\/strong> the chosen setting is the seaside, with cabins and inflatable toys, as designed by outstanding director <strong>Damiano Michieletto<\/strong>. His <i>Elisir<\/i> is both entertaining and thought-provoking, widely acclaimed both in Valencia, where it debuted, and throughout Europe. It is a perfect example of the opportunities for new readings of traditional operas inspired by nature and the environment.<\/p>\n<p>On the podium Francesco Lanzillotta, the Sferisterio Music Director, who will conduct some of today&#8217;s most appreciated belcanto artists such as John Osborn at his much-awaited debut as Nemorino, Mariangela Sicilia as Adina and Alex Esposito as Dulcamara, who will be engaged in selling <i>elisir<\/i>, i.e. magic potions, in the form of modern-day energy drinks.<\/p>\n<div id=\"attachment_36782\" style=\"width: 610px\" class=\"wp-caption alignnone\"><img loading=\"lazy\" decoding=\"async\" aria-describedby=\"caption-attachment-36782\" class=\"size-medium wp-image-36782\" src=\"https:\/\/www.sferisterio.it\/wp-content\/uploads\/2018\/01\/TM-Elisir-damore-2012-FOTO-Lannino-IMG_8680-600x400.jpg\" alt=\"\" width=\"600\" height=\"400\" srcset=\"https:\/\/www.sferisterio.it\/wp-content\/uploads\/2018\/01\/TM-Elisir-damore-2012-FOTO-Lannino-IMG_8680-600x400.jpg 600w, https:\/\/www.sferisterio.it\/wp-content\/uploads\/2018\/01\/TM-Elisir-damore-2012-FOTO-Lannino-IMG_8680-768x512.jpg 768w, https:\/\/www.sferisterio.it\/wp-content\/uploads\/2018\/01\/TM-Elisir-damore-2012-FOTO-Lannino-IMG_8680-1024x683.jpg 1024w\" sizes=\"auto, (max-width: 600px) 100vw, 600px\" \/><p id=\"caption-attachment-36782\" class=\"wp-caption-text\">PALERMO 11.06.2012 &#8211; TEATRO MASSIMO: ELISIR D&#8217;AMORE.<br \/>\u00a9 CORRADO LANNINO\/STUDIO CAMERA<\/p><\/div>\n<h2>Damiano Michieletto: biography<\/h2>\n<p>In a very short time, Damiano Michieletto has come to be recognized worldwide as one of the most brilliant Italian directors of the new generation. He studied opera and theatre production at the Paolo Grassi Academy in Milano and he also got a degree in modern literature at the University of Venice, his hometown. His production of <i>Schwanda the Bagpiper<\/i> by Jarom\u00edr Weinberger, widely acclaimed by the critics at the Wexford Festival in 2003, won him the Irish Times ESB Theatre Award. His other opera productions include <i>L&#8217;Italiana in Algeri <\/i>at Teatro Olimpico in Vicenza, <i>La Gazza Ladra<\/i> co-produced by Rossini Opera Festival in Pesaro, Comunale in Bologna and Arena in Verona (who brought him the Abbiati Prize in 2008), <i>Lucia di Lammermoor, Il Corsaro, Luisa Miller<\/i> and <i>Poliuto<\/i> in Zurich, <i>Rom\u00e9o et Juliette<\/i> and a Mozart\/Da Ponte cycle at Teatro La Fenice in Venice, <i>Die Entf\u00fchrung aus dem Serail<\/i> at San Carlo in Naples, <i>La Scala di Seta<\/i> at Rossini Opera Festival and La Scala in Milano, <i>Il Barbiere di Siviglia<\/i> at the Grand Th\u00e9\u00e2tre de Gen\u00e8ve, <i>Madama Butterfly<\/i> in Torino, <i>L&#8217;Elisir d&#8217;Amore<\/i> in Valencia, Graz and Madrid, <i>The Greek Passion<\/i> by Martin\u016f in Palermo, <i>Cos\u00ec Fan Tutte<\/i> at the New National Theatre in Tokyo, Puccini&#8217;s <i>Trittico<\/i> at the Theater an der Wien and the Royal Opera in Copenhagen, <i>Un Ballo in Maschera<\/i> at La Scala, <i>Idomeneo <\/i>at Theater an der Wien, <i>The Rake&#8217;s Progress<\/i> at the Leipzig Opernhaus and La Fenice in Venice. In 2012, he made his debut in Salzburg with <i>La Boh\u00e8me<\/i>, to return in 2013 with <i>Falstaff<\/i> and in 2014 with<i> Cenerentola<\/i>. In 2014\/2015, he worked on <strong><i>Il Viaggio a Reims<\/i> <\/strong>at the Nederlandse Opera in Amsterdam, <i>Guillaume Tell<\/i> at the Royal Opera House in London, and new stagings of previous productions of <i>Il Barbiere di Siviglia<\/i> and <i>Cos\u00ec Fan Tutte<\/i> at the Op\u00e9ra in Paris and Liceu in Barcelona.&nbsp;<\/p>\n<p>In 2015\/2016, he signed new productions of Mozart&#8217;s<i> Il Flauto Magico<\/i> in Venice, <i>Cavalleria Rusticana<\/i> and <i>Pagliacci<\/i> at the Royal Opera House in London (Olivier Award 2016) and Rossini&#8217;s <i>Otello <\/i>in Vienna. In Autumn, 2016, two new productions were issued: <i>Samson and Dalila<\/i> at the Op\u00e9ra in Paris, and <i>Aquagranda<\/i> by Perocco at La Fenice in Venice.&nbsp; In 2017, <i>Falstaff<\/i> at La Scala in Milano, <i>Il Viaggio a Reims<\/i> at Kongelige Teater in Copenhagen and Teatro dell&#8217;Opera di Roma, <i>Il Flauto Magico<\/i> at Opera di Firenze, <i>Idomeneo<\/i> at Maggio Musicale Fiorentino. In 2018, he will be working on three, new productions:<i> Die lustige Witwe<\/i> by Leh\u00e1r at La Fenice in Venice, <i>A Midsummer Night\u2019s Dream <\/i>by Britten at Theater an der Wien and <i>Don Pasquale<\/i> by Donizetti at the Palais Garnier &#8211; Op\u00e9ra de Paris.<\/p>\n<p><img loading=\"lazy\" decoding=\"async\" class=\"alignnone size-medium wp-image-36773\" src=\"https:\/\/www.sferisterio.it\/wp-content\/uploads\/2018\/01\/D0B9195\u00c2\u00a9Fabio-Lovino-400x600.jpg\" alt=\"\" width=\"400\" height=\"600\"><\/p>\n<p>Damiano Michieletto is also extremely active in theatre productions, which are as important as operas in his career. Amongst his many endeavours, let us recall a widely praised version of <i>Il Ventaglio<\/i> by Carlo Goldoni, followed by Gogol&#8217;s <i>L&#8217;Ispettore Generale<\/i> for Teatro Stabile del Veneto, <i>Divinas Palabras<\/i> by Ram\u00f3n Mar\u00eda del Valle-Incl\u00e1n for Piccolo Teatro in Milano and, in 2016, a new production of Brecht and Weill&#8217;s <i>L&#8217;Opera da Tre Soldi<\/i>, again for Piccolo Teatro in Milano.<\/p>\n<p class=\"p1\"><a href=\"https:\/\/www.sferisterio.it\/en\/macerata-opera-festival\/lelisir-damore\/\"><span class=\"s1\">Discover &#8220;L&#8217;Elisisr d&#8217;Amore&#8221;<\/span><\/a><\/p>\n<p class=\"p1\">&nbsp;<\/p>\n","protected":false},"excerpt":{"rendered":"<p>Damiano Michieletto: the production For Gateano Donizetti\u2019s Elisir d\u2019Amore the chosen setting is the seaside, with cabins and inflatable toys, as designed by outstanding director Damiano Michieletto. His Elisir is both entertaining and thought-provoking, widely acclaimed both in Valencia, where [&hellip;]<\/p>\n","protected":false},"author":1001016,"featured_media":36773,"comment_status":"open","ping_status":"open","sticky":false,"template":"","format":"standard","meta":{"ngg_post_thumbnail":0,"footnotes":""},"categories":[2255],"tags":[],"class_list":["post-38373","post","type-post","status-publish","format-standard","has-post-thumbnail","hentry","category-news-en"],"yoast_head":"<!-- This site is optimized with the Yoast SEO plugin v27.4 - https:\/\/yoast.com\/product\/yoast-seo-wordpress\/ -->\n<title>DAMIANO MICHIELETTO&#039;S SEASIDE PRODUCTION OF ELISIR D&#039;AMORE REACHES THE SFERISTERIO | Sferisterio - Macerata Opera Festival<\/title>\n<meta name=\"robots\" content=\"index, follow, max-snippet:-1, max-image-preview:large, max-video-preview:-1\" \/>\n<link rel=\"canonical\" href=\"https:\/\/www.sferisterio.it\/en\/news-en\/damiano-michieletto-per-la-prima-volta-allo-sferisterio-con-il-suo-elisir-damore-sulla-spiaggia\" \/>\n<meta property=\"og:locale\" content=\"en_US\" \/>\n<meta property=\"og:type\" content=\"article\" \/>\n<meta property=\"og:title\" content=\"DAMIANO MICHIELETTO&#039;S SEASIDE PRODUCTION OF ELISIR D&#039;AMORE REACHES THE SFERISTERIO | Sferisterio - Macerata Opera Festival\" \/>\n<meta property=\"og:description\" content=\"Damiano Michieletto: the production For Gateano Donizetti\u2019s Elisir d\u2019Amore the chosen setting is the seaside, with cabins and inflatable toys, as designed by outstanding director Damiano Michieletto. His Elisir is both entertaining and thought-provoking, widely acclaimed both in Valencia, where [&hellip;]\" \/>\n<meta property=\"og:url\" content=\"https:\/\/www.sferisterio.it\/en\/news-en\/damiano-michieletto-per-la-prima-volta-allo-sferisterio-con-il-suo-elisir-damore-sulla-spiaggia\" \/>\n<meta property=\"og:site_name\" content=\"Sferisterio - Macerata Opera Festival\" \/>\n<meta property=\"article:published_time\" content=\"2018-01-02T11:57:38+00:00\" \/>\n<meta property=\"article:modified_time\" content=\"2018-03-26T12:58:07+00:00\" \/>\n<meta property=\"og:image\" content=\"https:\/\/www.sferisterio.it\/wp-content\/uploads\/2018\/01\/D0B9195A\u0302\u00a9Fabio-Lovino-683x1024.jpg\" \/>\n\t<meta property=\"og:image:width\" content=\"683\" \/>\n\t<meta property=\"og:image:height\" content=\"1024\" \/>\n\t<meta property=\"og:image:type\" content=\"image\/jpeg\" \/>\n<meta name=\"author\" content=\"Sferisterio\" \/>\n<meta name=\"twitter:card\" content=\"summary_large_image\" \/>\n<meta name=\"twitter:label1\" content=\"Written by\" \/>\n\t<meta name=\"twitter:data1\" content=\"Sferisterio\" \/>\n\t<meta name=\"twitter:label2\" content=\"Est. reading time\" \/>\n\t<meta name=\"twitter:data2\" content=\"3 minutes\" \/>\n<script type=\"application\/ld+json\" class=\"yoast-schema-graph\">{\"@context\":\"https:\\\/\\\/schema.org\",\"@graph\":[{\"@type\":\"Article\",\"@id\":\"https:\\\/\\\/www.sferisterio.it\\\/en\\\/news-en\\\/damiano-michieletto-per-la-prima-volta-allo-sferisterio-con-il-suo-elisir-damore-sulla-spiaggia#article\",\"isPartOf\":{\"@id\":\"https:\\\/\\\/www.sferisterio.it\\\/en\\\/news-en\\\/damiano-michieletto-per-la-prima-volta-allo-sferisterio-con-il-suo-elisir-damore-sulla-spiaggia\"},\"author\":{\"name\":\"Sferisterio\",\"@id\":\"\\\/#\\\/schema\\\/person\\\/6135026c20cd6584b0adda711bbd2928\"},\"headline\":\"DAMIANO MICHIELETTO&#8217;S SEASIDE PRODUCTION OF ELISIR D&#8217;AMORE REACHES THE SFERISTERIO\",\"datePublished\":\"2018-01-02T11:57:38+00:00\",\"dateModified\":\"2018-03-26T12:58:07+00:00\",\"mainEntityOfPage\":{\"@id\":\"https:\\\/\\\/www.sferisterio.it\\\/en\\\/news-en\\\/damiano-michieletto-per-la-prima-volta-allo-sferisterio-con-il-suo-elisir-damore-sulla-spiaggia\"},\"wordCount\":707,\"commentCount\":0,\"publisher\":{\"@id\":\"\\\/#organization\"},\"image\":{\"@id\":\"https:\\\/\\\/www.sferisterio.it\\\/en\\\/news-en\\\/damiano-michieletto-per-la-prima-volta-allo-sferisterio-con-il-suo-elisir-damore-sulla-spiaggia#primaryimage\"},\"thumbnailUrl\":\"https:\\\/\\\/www.sferisterio.it\\\/wp-content\\\/uploads\\\/2018\\\/01\\\/D0B9195A\u0302\u00a9Fabio-Lovino.jpg\",\"articleSection\":[\"News\"],\"inLanguage\":\"en-US\",\"potentialAction\":[{\"@type\":\"CommentAction\",\"name\":\"Comment\",\"target\":[\"https:\\\/\\\/www.sferisterio.it\\\/en\\\/news-en\\\/damiano-michieletto-per-la-prima-volta-allo-sferisterio-con-il-suo-elisir-damore-sulla-spiaggia#respond\"]}]},{\"@type\":\"WebPage\",\"@id\":\"https:\\\/\\\/www.sferisterio.it\\\/en\\\/news-en\\\/damiano-michieletto-per-la-prima-volta-allo-sferisterio-con-il-suo-elisir-damore-sulla-spiaggia\",\"url\":\"https:\\\/\\\/www.sferisterio.it\\\/en\\\/news-en\\\/damiano-michieletto-per-la-prima-volta-allo-sferisterio-con-il-suo-elisir-damore-sulla-spiaggia\",\"name\":\"DAMIANO MICHIELETTO'S SEASIDE PRODUCTION OF ELISIR D'AMORE REACHES THE SFERISTERIO | Sferisterio - Macerata Opera Festival\",\"isPartOf\":{\"@id\":\"\\\/#website\"},\"primaryImageOfPage\":{\"@id\":\"https:\\\/\\\/www.sferisterio.it\\\/en\\\/news-en\\\/damiano-michieletto-per-la-prima-volta-allo-sferisterio-con-il-suo-elisir-damore-sulla-spiaggia#primaryimage\"},\"image\":{\"@id\":\"https:\\\/\\\/www.sferisterio.it\\\/en\\\/news-en\\\/damiano-michieletto-per-la-prima-volta-allo-sferisterio-con-il-suo-elisir-damore-sulla-spiaggia#primaryimage\"},\"thumbnailUrl\":\"https:\\\/\\\/www.sferisterio.it\\\/wp-content\\\/uploads\\\/2018\\\/01\\\/D0B9195A\u0302\u00a9Fabio-Lovino.jpg\",\"datePublished\":\"2018-01-02T11:57:38+00:00\",\"dateModified\":\"2018-03-26T12:58:07+00:00\",\"breadcrumb\":{\"@id\":\"https:\\\/\\\/www.sferisterio.it\\\/en\\\/news-en\\\/damiano-michieletto-per-la-prima-volta-allo-sferisterio-con-il-suo-elisir-damore-sulla-spiaggia#breadcrumb\"},\"inLanguage\":\"en-US\",\"potentialAction\":[{\"@type\":\"ReadAction\",\"target\":[\"https:\\\/\\\/www.sferisterio.it\\\/en\\\/news-en\\\/damiano-michieletto-per-la-prima-volta-allo-sferisterio-con-il-suo-elisir-damore-sulla-spiaggia\"]}]},{\"@type\":\"ImageObject\",\"inLanguage\":\"en-US\",\"@id\":\"https:\\\/\\\/www.sferisterio.it\\\/en\\\/news-en\\\/damiano-michieletto-per-la-prima-volta-allo-sferisterio-con-il-suo-elisir-damore-sulla-spiaggia#primaryimage\",\"url\":\"https:\\\/\\\/www.sferisterio.it\\\/wp-content\\\/uploads\\\/2018\\\/01\\\/D0B9195A\u0302\u00a9Fabio-Lovino.jpg\",\"contentUrl\":\"https:\\\/\\\/www.sferisterio.it\\\/wp-content\\\/uploads\\\/2018\\\/01\\\/D0B9195A\u0302\u00a9Fabio-Lovino.jpg\",\"width\":2000,\"height\":3000},{\"@type\":\"BreadcrumbList\",\"@id\":\"https:\\\/\\\/www.sferisterio.it\\\/en\\\/news-en\\\/damiano-michieletto-per-la-prima-volta-allo-sferisterio-con-il-suo-elisir-damore-sulla-spiaggia#breadcrumb\",\"itemListElement\":[{\"@type\":\"ListItem\",\"position\":1,\"name\":\"Home\",\"item\":\"https:\\\/\\\/www.sferisterio.it\\\/en\"},{\"@type\":\"ListItem\",\"position\":2,\"name\":\"DAMIANO MICHIELETTO&#8217;S SEASIDE PRODUCTION OF ELISIR D&#8217;AMORE REACHES THE SFERISTERIO\"}]},{\"@type\":\"WebSite\",\"@id\":\"\\\/#website\",\"url\":\"\\\/\",\"name\":\"Sferisterio - Macerata Opera Festival\",\"description\":\"\",\"publisher\":{\"@id\":\"\\\/#organization\"},\"potentialAction\":[{\"@type\":\"SearchAction\",\"target\":{\"@type\":\"EntryPoint\",\"urlTemplate\":\"\\\/?s={search_term_string}\"},\"query-input\":{\"@type\":\"PropertyValueSpecification\",\"valueRequired\":true,\"valueName\":\"search_term_string\"}}],\"inLanguage\":\"en-US\"},{\"@type\":\"Organization\",\"@id\":\"\\\/#organization\",\"name\":\"Sferisterio - Macerata Opera Festival\",\"url\":\"\\\/\",\"logo\":{\"@type\":\"ImageObject\",\"inLanguage\":\"en-US\",\"@id\":\"\\\/#\\\/schema\\\/logo\\\/image\\\/\",\"url\":\"https:\\\/\\\/www.sferisterio.it\\\/wp-content\\\/uploads\\\/2024\\\/02\\\/cropped-logo-admin.png\",\"contentUrl\":\"https:\\\/\\\/www.sferisterio.it\\\/wp-content\\\/uploads\\\/2024\\\/02\\\/cropped-logo-admin.png\",\"width\":512,\"height\":512,\"caption\":\"Sferisterio - Macerata Opera Festival\"},\"image\":{\"@id\":\"\\\/#\\\/schema\\\/logo\\\/image\\\/\"}},{\"@type\":\"Person\",\"@id\":\"\\\/#\\\/schema\\\/person\\\/6135026c20cd6584b0adda711bbd2928\",\"name\":\"Sferisterio\",\"image\":{\"@type\":\"ImageObject\",\"inLanguage\":\"en-US\",\"@id\":\"https:\\\/\\\/secure.gravatar.com\\\/avatar\\\/bcbbc875c79cf5cc033ca47f4f9c903121b804b4a05e65d92773c9e464192a9b?s=96&d=mm&r=g\",\"url\":\"https:\\\/\\\/secure.gravatar.com\\\/avatar\\\/bcbbc875c79cf5cc033ca47f4f9c903121b804b4a05e65d92773c9e464192a9b?s=96&d=mm&r=g\",\"contentUrl\":\"https:\\\/\\\/secure.gravatar.com\\\/avatar\\\/bcbbc875c79cf5cc033ca47f4f9c903121b804b4a05e65d92773c9e464192a9b?s=96&d=mm&r=g\",\"caption\":\"Sferisterio\"}}]}<\/script>\n<!-- \/ Yoast SEO plugin. -->","yoast_head_json":{"title":"DAMIANO MICHIELETTO'S SEASIDE PRODUCTION OF ELISIR D'AMORE REACHES THE SFERISTERIO | Sferisterio - Macerata Opera Festival","robots":{"index":"index","follow":"follow","max-snippet":"max-snippet:-1","max-image-preview":"max-image-preview:large","max-video-preview":"max-video-preview:-1"},"canonical":"https:\/\/www.sferisterio.it\/en\/news-en\/damiano-michieletto-per-la-prima-volta-allo-sferisterio-con-il-suo-elisir-damore-sulla-spiaggia","og_locale":"en_US","og_type":"article","og_title":"DAMIANO MICHIELETTO'S SEASIDE PRODUCTION OF ELISIR D'AMORE REACHES THE SFERISTERIO | Sferisterio - Macerata Opera Festival","og_description":"Damiano Michieletto: the production For Gateano Donizetti\u2019s Elisir d\u2019Amore the chosen setting is the seaside, with cabins and inflatable toys, as designed by outstanding director Damiano Michieletto. His Elisir is both entertaining and thought-provoking, widely acclaimed both in Valencia, where [&hellip;]","og_url":"https:\/\/www.sferisterio.it\/en\/news-en\/damiano-michieletto-per-la-prima-volta-allo-sferisterio-con-il-suo-elisir-damore-sulla-spiaggia","og_site_name":"Sferisterio - Macerata Opera Festival","article_published_time":"2018-01-02T11:57:38+00:00","article_modified_time":"2018-03-26T12:58:07+00:00","og_image":[{"width":683,"height":1024,"url":"https:\/\/www.sferisterio.it\/wp-content\/uploads\/2018\/01\/D0B9195A\u0302\u00a9Fabio-Lovino-683x1024.jpg","type":"image\/jpeg"}],"author":"Sferisterio","twitter_card":"summary_large_image","twitter_misc":{"Written by":"Sferisterio","Est. reading time":"3 minutes"},"schema":{"@context":"https:\/\/schema.org","@graph":[{"@type":"Article","@id":"https:\/\/www.sferisterio.it\/en\/news-en\/damiano-michieletto-per-la-prima-volta-allo-sferisterio-con-il-suo-elisir-damore-sulla-spiaggia#article","isPartOf":{"@id":"https:\/\/www.sferisterio.it\/en\/news-en\/damiano-michieletto-per-la-prima-volta-allo-sferisterio-con-il-suo-elisir-damore-sulla-spiaggia"},"author":{"name":"Sferisterio","@id":"\/#\/schema\/person\/6135026c20cd6584b0adda711bbd2928"},"headline":"DAMIANO MICHIELETTO&#8217;S SEASIDE PRODUCTION OF ELISIR D&#8217;AMORE REACHES THE SFERISTERIO","datePublished":"2018-01-02T11:57:38+00:00","dateModified":"2018-03-26T12:58:07+00:00","mainEntityOfPage":{"@id":"https:\/\/www.sferisterio.it\/en\/news-en\/damiano-michieletto-per-la-prima-volta-allo-sferisterio-con-il-suo-elisir-damore-sulla-spiaggia"},"wordCount":707,"commentCount":0,"publisher":{"@id":"\/#organization"},"image":{"@id":"https:\/\/www.sferisterio.it\/en\/news-en\/damiano-michieletto-per-la-prima-volta-allo-sferisterio-con-il-suo-elisir-damore-sulla-spiaggia#primaryimage"},"thumbnailUrl":"https:\/\/www.sferisterio.it\/wp-content\/uploads\/2018\/01\/D0B9195A\u0302\u00a9Fabio-Lovino.jpg","articleSection":["News"],"inLanguage":"en-US","potentialAction":[{"@type":"CommentAction","name":"Comment","target":["https:\/\/www.sferisterio.it\/en\/news-en\/damiano-michieletto-per-la-prima-volta-allo-sferisterio-con-il-suo-elisir-damore-sulla-spiaggia#respond"]}]},{"@type":"WebPage","@id":"https:\/\/www.sferisterio.it\/en\/news-en\/damiano-michieletto-per-la-prima-volta-allo-sferisterio-con-il-suo-elisir-damore-sulla-spiaggia","url":"https:\/\/www.sferisterio.it\/en\/news-en\/damiano-michieletto-per-la-prima-volta-allo-sferisterio-con-il-suo-elisir-damore-sulla-spiaggia","name":"DAMIANO MICHIELETTO'S SEASIDE PRODUCTION OF ELISIR D'AMORE REACHES THE SFERISTERIO | Sferisterio - Macerata Opera Festival","isPartOf":{"@id":"\/#website"},"primaryImageOfPage":{"@id":"https:\/\/www.sferisterio.it\/en\/news-en\/damiano-michieletto-per-la-prima-volta-allo-sferisterio-con-il-suo-elisir-damore-sulla-spiaggia#primaryimage"},"image":{"@id":"https:\/\/www.sferisterio.it\/en\/news-en\/damiano-michieletto-per-la-prima-volta-allo-sferisterio-con-il-suo-elisir-damore-sulla-spiaggia#primaryimage"},"thumbnailUrl":"https:\/\/www.sferisterio.it\/wp-content\/uploads\/2018\/01\/D0B9195A\u0302\u00a9Fabio-Lovino.jpg","datePublished":"2018-01-02T11:57:38+00:00","dateModified":"2018-03-26T12:58:07+00:00","breadcrumb":{"@id":"https:\/\/www.sferisterio.it\/en\/news-en\/damiano-michieletto-per-la-prima-volta-allo-sferisterio-con-il-suo-elisir-damore-sulla-spiaggia#breadcrumb"},"inLanguage":"en-US","potentialAction":[{"@type":"ReadAction","target":["https:\/\/www.sferisterio.it\/en\/news-en\/damiano-michieletto-per-la-prima-volta-allo-sferisterio-con-il-suo-elisir-damore-sulla-spiaggia"]}]},{"@type":"ImageObject","inLanguage":"en-US","@id":"https:\/\/www.sferisterio.it\/en\/news-en\/damiano-michieletto-per-la-prima-volta-allo-sferisterio-con-il-suo-elisir-damore-sulla-spiaggia#primaryimage","url":"https:\/\/www.sferisterio.it\/wp-content\/uploads\/2018\/01\/D0B9195A\u0302\u00a9Fabio-Lovino.jpg","contentUrl":"https:\/\/www.sferisterio.it\/wp-content\/uploads\/2018\/01\/D0B9195A\u0302\u00a9Fabio-Lovino.jpg","width":2000,"height":3000},{"@type":"BreadcrumbList","@id":"https:\/\/www.sferisterio.it\/en\/news-en\/damiano-michieletto-per-la-prima-volta-allo-sferisterio-con-il-suo-elisir-damore-sulla-spiaggia#breadcrumb","itemListElement":[{"@type":"ListItem","position":1,"name":"Home","item":"https:\/\/www.sferisterio.it\/en"},{"@type":"ListItem","position":2,"name":"DAMIANO MICHIELETTO&#8217;S SEASIDE PRODUCTION OF ELISIR D&#8217;AMORE REACHES THE SFERISTERIO"}]},{"@type":"WebSite","@id":"\/#website","url":"\/","name":"Sferisterio - Macerata Opera Festival","description":"","publisher":{"@id":"\/#organization"},"potentialAction":[{"@type":"SearchAction","target":{"@type":"EntryPoint","urlTemplate":"\/?s={search_term_string}"},"query-input":{"@type":"PropertyValueSpecification","valueRequired":true,"valueName":"search_term_string"}}],"inLanguage":"en-US"},{"@type":"Organization","@id":"\/#organization","name":"Sferisterio - Macerata Opera Festival","url":"\/","logo":{"@type":"ImageObject","inLanguage":"en-US","@id":"\/#\/schema\/logo\/image\/","url":"https:\/\/www.sferisterio.it\/wp-content\/uploads\/2024\/02\/cropped-logo-admin.png","contentUrl":"https:\/\/www.sferisterio.it\/wp-content\/uploads\/2024\/02\/cropped-logo-admin.png","width":512,"height":512,"caption":"Sferisterio - Macerata Opera Festival"},"image":{"@id":"\/#\/schema\/logo\/image\/"}},{"@type":"Person","@id":"\/#\/schema\/person\/6135026c20cd6584b0adda711bbd2928","name":"Sferisterio","image":{"@type":"ImageObject","inLanguage":"en-US","@id":"https:\/\/secure.gravatar.com\/avatar\/bcbbc875c79cf5cc033ca47f4f9c903121b804b4a05e65d92773c9e464192a9b?s=96&d=mm&r=g","url":"https:\/\/secure.gravatar.com\/avatar\/bcbbc875c79cf5cc033ca47f4f9c903121b804b4a05e65d92773c9e464192a9b?s=96&d=mm&r=g","contentUrl":"https:\/\/secure.gravatar.com\/avatar\/bcbbc875c79cf5cc033ca47f4f9c903121b804b4a05e65d92773c9e464192a9b?s=96&d=mm&r=g","caption":"Sferisterio"}}]}},"_links":{"self":[{"href":"https:\/\/www.sferisterio.it\/en\/wp-json\/wp\/v2\/posts\/38373","targetHints":{"allow":["GET"]}}],"collection":[{"href":"https:\/\/www.sferisterio.it\/en\/wp-json\/wp\/v2\/posts"}],"about":[{"href":"https:\/\/www.sferisterio.it\/en\/wp-json\/wp\/v2\/types\/post"}],"author":[{"embeddable":true,"href":"https:\/\/www.sferisterio.it\/en\/wp-json\/wp\/v2\/users\/1001016"}],"replies":[{"embeddable":true,"href":"https:\/\/www.sferisterio.it\/en\/wp-json\/wp\/v2\/comments?post=38373"}],"version-history":[{"count":0,"href":"https:\/\/www.sferisterio.it\/en\/wp-json\/wp\/v2\/posts\/38373\/revisions"}],"wp:featuredmedia":[{"embeddable":true,"href":"https:\/\/www.sferisterio.it\/en\/wp-json\/wp\/v2\/media\/36773"}],"wp:attachment":[{"href":"https:\/\/www.sferisterio.it\/en\/wp-json\/wp\/v2\/media?parent=38373"}],"wp:term":[{"taxonomy":"category","embeddable":true,"href":"https:\/\/www.sferisterio.it\/en\/wp-json\/wp\/v2\/categories?post=38373"},{"taxonomy":"post_tag","embeddable":true,"href":"https:\/\/www.sferisterio.it\/en\/wp-json\/wp\/v2\/tags?post=38373"}],"curies":[{"name":"wp","href":"https:\/\/api.w.org\/{rel}","templated":true}]}}